{"id":295,"date":"2025-02-17T15:09:14","date_gmt":"2025-02-17T15:09:14","guid":{"rendered":"http:\/\/www.ilkcev.org.tr\/?p=295"},"modified":"2025-02-18T20:34:38","modified_gmt":"2025-02-18T20:34:38","slug":"5-geleneksel-okculuk-yarismasi","status":"publish","type":"post","link":"http:\/\/www.ilkcev.org.tr\/?p=295","title":{"rendered":"5. Geleneksel Ok\u00e7uluk Yar\u0131\u015fmas\u0131"},"content":{"rendered":"<p style=\"text-align: left;\">Yar\u0131\u015fmada kategorilerinde dereceye giren sporculara ba\u015far\u0131 belgesi ve madalya takdim edildi.Minikler, Y\u0131ld\u0131zlar ve Gen\u00e7ler Yar\u0131\u015ft\u0131<br \/>\nOk\u00e7uluk alan\u0131nda \u00e7al\u0131\u015fmalar\u0131na devam eden \u00f6\u011frencilerin motivasyonunu artt\u0131rmak, heyecanlar\u0131na ortak olmak, yap\u0131lan \u00e7al\u0131\u015fmalar\u0131n daha etkili olmas\u0131 amac\u0131yla ok\u00e7uluk yar\u0131\u015fmas\u0131 d\u00fczenlendi. Gen\u00e7lerin yar\u0131\u015fma psikolojilerini de tecr\u00fcbe edebilmeleri amac\u0131yla ger\u00e7ekle\u015ftirilen turnuva, minikler, y\u0131ld\u0131zlar, gen\u00e7ler ve b\u00fcy\u00fckler kategorisinde ger\u00e7ekle\u015fti. Turnuvada baz\u0131 veliler trib\u00fcnde \u00e7ocuklar\u0131n\u0131 izlerken baz\u0131lar\u0131 da onlar gibi \u00e7ile \u00e7ekip Ya Hak nidas\u0131yla ok gezlediler, \u00e7ocuklar\u0131n\u0131n heyecanlar\u0131na ortak oldu.S\u0131ralama ve Eleme Turlar\u0131nda Yar\u0131\u015ft\u0131lar<br \/>\nSporcular, s\u0131ralama ve eleme \u015feklinde at\u0131\u015f yaparak h\u00fcnerlerini sergiledi.\u00a0\u00a0S\u0131ralama at\u0131\u015flar\u0131 sonras\u0131 ilk 16 s\u0131ray\u0131 alan sporcular ikili eleme at\u0131\u015flar\u0131 ile yar\u0131\u015farak finale kadar yar\u0131\u015ft\u0131. Yar\u0131\u015fma sonras\u0131nda en iyi at\u0131\u015flar\u0131 yaparak kategorilerinde ilk 3 s\u0131raya giren \u00f6\u011frencilere madalya ve ba\u015far\u0131 belgesi \u00f6d\u00fclleri takdim edildi. Gebze \u0130LK\u00c7EV Spor Kul\u00fcb\u00fc, Ka\u011f\u0131tspor Kul\u00fcb\u00fc Gebzesem sporcular\u0131, Sudo Osmanl\u0131 Geleneksel Ok\u00e7uluk ve D\u00f6v\u00fc\u015f Spor Kul\u00fcb\u00fc,\u00c7ay\u0131rova Zirve \u0130zcilik ve Spor Kul\u00fcb\u00fc,Kocaeli Ak\u00e7akoca Ak\u0131nc\u0131lar Oca\u011f\u0131 Geleneksel Ok\u00e7uluk Spor Kul\u00fcb\u00fc ve Kocaeli Y\u0131ld\u0131zlar Ok\u00e7uluk Spor Kul\u00fcb\u00fc kat\u0131ld\u0131. \u00c7ekilen toplu foto\u011fraf sonras\u0131 yar\u0131\u015fma sona erdi.<\/p>\n<div id='gallery-1' class='gallery galleryid-295 gallery-columns-3 gallery-size-large'><figure class='gallery-item'>\n\t\t\t<div class='gallery-icon portrait'>\n\t\t\t\t<a href='http:\/\/www.ilkcev.org.tr\/?attachment_id=297'><img loading=\"lazy\" decoding=\"async\" width=\"576\" height=\"1024\" src=\"http:\/\/www.ilkcev.org.tr\/wp-content\/uploads\/2025\/02\/WhatsApp-Image-2025-02-17-at-17.49.39-576x1024.jpeg\" class=\"attachment-large size-large\" alt=\"\" srcset=\"http:\/\/www.ilkcev.org.tr\/wp-content\/uploads\/2025\/02\/WhatsApp-Image-2025-02-17-at-17.49.39-576x1024.jpeg 576w, http:\/\/www.ilkcev.org.tr\/wp-content\/uploads\/2025\/02\/WhatsApp-Image-2025-02-17-at-17.49.39-169x300.jpeg 169w, http:\/\/www.ilkcev.org.tr\/wp-content\/uploads\/2025\/02\/WhatsApp-Image-2025-02-17-at-17.49.39-768x1365.jpeg 768w, http:\/\/www.ilkcev.org.tr\/wp-content\/uploads\/2025\/02\/WhatsApp-Image-2025-02-17-at-17.49.39-864x1536.jpeg 864w, http:\/\/www.ilkcev.org.tr\/wp-content\/uploads\/2025\/02\/WhatsApp-Image-2025-02-17-at-17.49.39.jpeg 900w\" sizes=\"(max-width: 576px) 100vw, 576px\" \/><\/a>\n\t\t\t<\/div><\/figure><figure class='gallery-item'>\n\t\t\t<div class='gallery-icon portrait'>\n\t\t\t\t<a href='http:\/\/www.ilkcev.org.tr\/?attachment_id=300'><img loading=\"lazy\" decoding=\"async\" width=\"576\" height=\"1024\" src=\"http:\/\/www.ilkcev.org.tr\/wp-content\/uploads\/2025\/02\/WhatsApp-Image-2025-02-17-at-17.48.16-576x1024.jpeg\" class=\"attachment-large size-large\" alt=\"\" srcset=\"http:\/\/www.ilkcev.org.tr\/wp-content\/uploads\/2025\/02\/WhatsApp-Image-2025-02-17-at-17.48.16-576x1024.jpeg 576w, http:\/\/www.ilkcev.org.tr\/wp-content\/uploads\/2025\/02\/WhatsApp-Image-2025-02-17-at-17.48.16-169x300.jpeg 169w, http:\/\/www.ilkcev.org.tr\/wp-content\/uploads\/2025\/02\/WhatsApp-Image-2025-02-17-at-17.48.16-768x1365.jpeg 768w, http:\/\/www.ilkcev.org.tr\/wp-content\/uploads\/2025\/02\/WhatsApp-Image-2025-02-17-at-17.48.16-864x1536.jpeg 864w, http:\/\/www.ilkcev.org.tr\/wp-content\/uploads\/2025\/02\/WhatsApp-Image-2025-02-17-at-17.48.16.jpeg 900w\" sizes=\"(max-width: 576px) 100vw, 576px\" \/><\/a>\n\t\t\t<\/div><\/figure><figure class='gallery-item'>\n\t\t\t<div class='gallery-icon portrait'>\n\t\t\t\t<a href='http:\/\/www.ilkcev.org.tr\/?attachment_id=299'><img loading=\"lazy\" decoding=\"async\" width=\"576\" height=\"1024\" src=\"http:\/\/www.ilkcev.org.tr\/wp-content\/uploads\/2025\/02\/WhatsApp-Image-2025-02-17-at-17.48.41-576x1024.jpeg\" class=\"attachment-large size-large\" alt=\"\" srcset=\"http:\/\/www.ilkcev.org.tr\/wp-content\/uploads\/2025\/02\/WhatsApp-Image-2025-02-17-at-17.48.41-576x1024.jpeg 576w, http:\/\/www.ilkcev.org.tr\/wp-content\/uploads\/2025\/02\/WhatsApp-Image-2025-02-17-at-17.48.41-169x300.jpeg 169w, http:\/\/www.ilkcev.org.tr\/wp-content\/uploads\/2025\/02\/WhatsApp-Image-2025-02-17-at-17.48.41-768x1365.jpeg 768w, http:\/\/www.ilkcev.org.tr\/wp-content\/uploads\/2025\/02\/WhatsApp-Image-2025-02-17-at-17.48.41-864x1536.jpeg 864w, http:\/\/www.ilkcev.org.tr\/wp-content\/uploads\/2025\/02\/WhatsApp-Image-2025-02-17-at-17.48.41.jpeg 900w\" sizes=\"(max-width: 576px) 100vw, 576px\" \/><\/a>\n\t\t\t<\/div><\/figure>\n\t\t<\/div>\n\n<p>&nbsp;<\/p>\n<p>&nbsp;<\/p>\n","protected":false},"excerpt":{"rendered":"<p>Yar\u0131\u015fmada kategorilerinde dereceye giren sporculara ba\u015far\u0131 belgesi ve madalya takdim edildi.Minikler, Y\u0131ld\u0131zlar ve Gen\u00e7ler Yar\u0131\u015ft\u0131 Ok\u00e7uluk alan\u0131nda \u00e7al\u0131\u015fmalar\u0131na devam eden \u00f6\u011frencilerin motivasyonunu artt\u0131rmak, heyecanlar\u0131na ortak olmak, yap\u0131lan \u00e7al\u0131\u015fmalar\u0131n<\/p>\n","protected":false},"author":1,"featured_media":298,"comment_status":"open","ping_status":"open","sticky":false,"template":"","format":"standard","meta":{"footnotes":""},"categories":[7],"tags":[],"_links":{"self":[{"href":"http:\/\/www.ilkcev.org.tr\/index.php?rest_route=\/wp\/v2\/posts\/295"}],"collection":[{"href":"http:\/\/www.ilkcev.org.tr\/index.php?rest_route=\/wp\/v2\/posts"}],"about":[{"href":"http:\/\/www.ilkcev.org.tr\/index.php?rest_route=\/wp\/v2\/types\/post"}],"author":[{"embeddable":true,"href":"http:\/\/www.ilkcev.org.tr\/index.php?rest_route=\/wp\/v2\/users\/1"}],"replies":[{"embeddable":true,"href":"http:\/\/www.ilkcev.org.tr\/index.php?rest_route=%2Fwp%2Fv2%2Fcomments&post=295"}],"version-history":[{"count":12,"href":"http:\/\/www.ilkcev.org.tr\/index.php?rest_route=\/wp\/v2\/posts\/295\/revisions"}],"predecessor-version":[{"id":363,"href":"http:\/\/www.ilkcev.org.tr\/index.php?rest_route=\/wp\/v2\/posts\/295\/revisions\/363"}],"wp:featuredmedia":[{"embeddable":true,"href":"http:\/\/www.ilkcev.org.tr\/index.php?rest_route=\/wp\/v2\/media\/298"}],"wp:attachment":[{"href":"http:\/\/www.ilkcev.org.tr\/index.php?rest_route=%2Fwp%2Fv2%2Fmedia&parent=295"}],"wp:term":[{"taxonomy":"category","embeddable":true,"href":"http:\/\/www.ilkcev.org.tr\/index.php?rest_route=%2Fwp%2Fv2%2Fcategories&post=295"},{"taxonomy":"post_tag","embeddable":true,"href":"http:\/\/www.ilkcev.org.tr\/index.php?rest_route=%2Fwp%2Fv2%2Ftags&post=295"}],"curies":[{"name":"wp","href":"https:\/\/api.w.org\/{rel}","templated":true}]}}