{"id":373,"date":"2025-03-23T02:01:19","date_gmt":"2025-03-23T02:01:19","guid":{"rendered":"http:\/\/www.ilkcev.org.tr\/?p=373"},"modified":"2025-03-23T02:02:02","modified_gmt":"2025-03-23T02:02:02","slug":"ilkcev-izcileri-gebze-sehitligini-ziyaret-etti","status":"publish","type":"post","link":"http:\/\/www.ilkcev.org.tr\/?p=373","title":{"rendered":"\u0130LK\u00c7EV izcileri Gebze Sehitli\u011fi&#8217;ni ziyaret etti."},"content":{"rendered":"<p>18 Mart \u00c7anakkale Zaferi ve \u015eehitleri Anma G\u00fcn\u00fc kapsam\u0131nda, Gebze \u0130LK\u00c7EV Spor Kul\u00fcb\u00fc izcileri,Gebze \u015fehitli\u011fini ziyaret etti.\u0130zciler \u015fehitlerin aziz hat\u0131ras\u0131 ad\u0131na mezarlar\u0131 ba\u015f\u0131nda dua etti.Mezarl\u0131k temizli\u011fi yapt\u0131lar.<br \/>\n\u0130zcilik ruhun en \u00f6nemli de\u011ferlerinden biri olan vefa bilinciyle hareket eden izciler, Gebze \u015fehitli\u011finde dualar okuyarak, ebediyete intikal eden kahramanlar\u0131 minnetle and\u0131lar. Etkinlik boyunca izciler, \u015fehitlerin kabirlerinin \u00e7evre temizli\u011fini yaparak, vatan u\u011fruna can veren \u015fehitlerimizi and\u0131lar. \u0130LK\u00c7EV izci liderleri yapt\u0131\u011f\u0131 a\u00e7\u0131klamada, bu t\u00fcr etkinliklerin izciler \u00fczerinde \u00f6nemli bir bilincin olu\u015fturuldu\u011funu belirterek gelece\u011fimizin teminat\u0131 \u00e7ocuklar\u0131n vatan sevgisiyle yeti\u015fmelerinde b\u00fcy\u00fck etken oldu\u011funu\u00a0ifade\u00a0etti.<\/p>\n<div id='gallery-1' class='gallery galleryid-373 gallery-columns-2 gallery-size-large'><figure class='gallery-item'>\n\t\t\t<div class='gallery-icon landscape'>\n\t\t\t\t<a href='http:\/\/www.ilkcev.org.tr\/?attachment_id=384'><img loading=\"lazy\" decoding=\"async\" width=\"1024\" height=\"768\" src=\"http:\/\/www.ilkcev.org.tr\/wp-content\/uploads\/2025\/03\/WhatsApp-Gorsel-2025-03-16-saat-00.14.21_13521bc8-1024x768.jpg\" class=\"attachment-large size-large\" alt=\"\" srcset=\"http:\/\/www.ilkcev.org.tr\/wp-content\/uploads\/2025\/03\/WhatsApp-Gorsel-2025-03-16-saat-00.14.21_13521bc8-1024x768.jpg 1024w, http:\/\/www.ilkcev.org.tr\/wp-content\/uploads\/2025\/03\/WhatsApp-Gorsel-2025-03-16-saat-00.14.21_13521bc8-300x225.jpg 300w, http:\/\/www.ilkcev.org.tr\/wp-content\/uploads\/2025\/03\/WhatsApp-Gorsel-2025-03-16-saat-00.14.21_13521bc8-768x576.jpg 768w, http:\/\/www.ilkcev.org.tr\/wp-content\/uploads\/2025\/03\/WhatsApp-Gorsel-2025-03-16-saat-00.14.21_13521bc8-1536x1152.jpg 1536w, http:\/\/www.ilkcev.org.tr\/wp-content\/uploads\/2025\/03\/WhatsApp-Gorsel-2025-03-16-saat-00.14.21_13521bc8.jpg 1600w\" sizes=\"(max-width: 1024px) 100vw, 1024px\" \/><\/a>\n\t\t\t<\/div><\/figure><figure class='gallery-item'>\n\t\t\t<div class='gallery-icon landscape'>\n\t\t\t\t<a href='http:\/\/www.ilkcev.org.tr\/?attachment_id=385'><img loading=\"lazy\" decoding=\"async\" width=\"1024\" height=\"768\" src=\"http:\/\/www.ilkcev.org.tr\/wp-content\/uploads\/2025\/03\/WhatsApp-Gorsel-2025-03-16-saat-00.14.21_6dbd2172-1024x768.jpg\" class=\"attachment-large size-large\" alt=\"\" srcset=\"http:\/\/www.ilkcev.org.tr\/wp-content\/uploads\/2025\/03\/WhatsApp-Gorsel-2025-03-16-saat-00.14.21_6dbd2172-1024x768.jpg 1024w, http:\/\/www.ilkcev.org.tr\/wp-content\/uploads\/2025\/03\/WhatsApp-Gorsel-2025-03-16-saat-00.14.21_6dbd2172-300x225.jpg 300w, http:\/\/www.ilkcev.org.tr\/wp-content\/uploads\/2025\/03\/WhatsApp-Gorsel-2025-03-16-saat-00.14.21_6dbd2172-768x576.jpg 768w, http:\/\/www.ilkcev.org.tr\/wp-content\/uploads\/2025\/03\/WhatsApp-Gorsel-2025-03-16-saat-00.14.21_6dbd2172-1536x1152.jpg 1536w, http:\/\/www.ilkcev.org.tr\/wp-content\/uploads\/2025\/03\/WhatsApp-Gorsel-2025-03-16-saat-00.14.21_6dbd2172.jpg 1600w\" sizes=\"(max-width: 1024px) 100vw, 1024px\" \/><\/a>\n\t\t\t<\/div><\/figure><figure class='gallery-item'>\n\t\t\t<div class='gallery-icon landscape'>\n\t\t\t\t<a href='http:\/\/www.ilkcev.org.tr\/?attachment_id=386'><img loading=\"lazy\" decoding=\"async\" width=\"1024\" height=\"768\" src=\"http:\/\/www.ilkcev.org.tr\/wp-content\/uploads\/2025\/03\/WhatsApp-Gorsel-2025-03-16-saat-00.14.20_f1629cdc-1024x768.jpg\" class=\"attachment-large size-large\" alt=\"\" srcset=\"http:\/\/www.ilkcev.org.tr\/wp-content\/uploads\/2025\/03\/WhatsApp-Gorsel-2025-03-16-saat-00.14.20_f1629cdc-1024x768.jpg 1024w, http:\/\/www.ilkcev.org.tr\/wp-content\/uploads\/2025\/03\/WhatsApp-Gorsel-2025-03-16-saat-00.14.20_f1629cdc-300x225.jpg 300w, http:\/\/www.ilkcev.org.tr\/wp-content\/uploads\/2025\/03\/WhatsApp-Gorsel-2025-03-16-saat-00.14.20_f1629cdc-768x576.jpg 768w, http:\/\/www.ilkcev.org.tr\/wp-content\/uploads\/2025\/03\/WhatsApp-Gorsel-2025-03-16-saat-00.14.20_f1629cdc-1536x1152.jpg 1536w, http:\/\/www.ilkcev.org.tr\/wp-content\/uploads\/2025\/03\/WhatsApp-Gorsel-2025-03-16-saat-00.14.20_f1629cdc.jpg 1600w\" sizes=\"(max-width: 1024px) 100vw, 1024px\" \/><\/a>\n\t\t\t<\/div><\/figure><figure class='gallery-item'>\n\t\t\t<div class='gallery-icon landscape'>\n\t\t\t\t<a href='http:\/\/www.ilkcev.org.tr\/?attachment_id=387'><img loading=\"lazy\" decoding=\"async\" width=\"1024\" height=\"768\" src=\"http:\/\/www.ilkcev.org.tr\/wp-content\/uploads\/2025\/03\/WhatsApp-Gorsel-2025-03-16-saat-00.14.20_d9b5578d-1024x768.jpg\" class=\"attachment-large size-large\" alt=\"\" srcset=\"http:\/\/www.ilkcev.org.tr\/wp-content\/uploads\/2025\/03\/WhatsApp-Gorsel-2025-03-16-saat-00.14.20_d9b5578d-1024x768.jpg 1024w, http:\/\/www.ilkcev.org.tr\/wp-content\/uploads\/2025\/03\/WhatsApp-Gorsel-2025-03-16-saat-00.14.20_d9b5578d-300x225.jpg 300w, http:\/\/www.ilkcev.org.tr\/wp-content\/uploads\/2025\/03\/WhatsApp-Gorsel-2025-03-16-saat-00.14.20_d9b5578d-768x576.jpg 768w, http:\/\/www.ilkcev.org.tr\/wp-content\/uploads\/2025\/03\/WhatsApp-Gorsel-2025-03-16-saat-00.14.20_d9b5578d-1536x1152.jpg 1536w, http:\/\/www.ilkcev.org.tr\/wp-content\/uploads\/2025\/03\/WhatsApp-Gorsel-2025-03-16-saat-00.14.20_d9b5578d.jpg 1600w\" sizes=\"(max-width: 1024px) 100vw, 1024px\" \/><\/a>\n\t\t\t<\/div><\/figure>\n\t\t<\/div>\n\n","protected":false},"excerpt":{"rendered":"<p>18 Mart \u00c7anakkale Zaferi ve \u015eehitleri Anma G\u00fcn\u00fc kapsam\u0131nda, Gebze \u0130LK\u00c7EV Spor Kul\u00fcb\u00fc izcileri,Gebze \u015fehitli\u011fini ziyaret etti.\u0130zciler \u015fehitlerin aziz hat\u0131ras\u0131 ad\u0131na mezarlar\u0131 ba\u015f\u0131nda dua etti.Mezarl\u0131k temizli\u011fi yapt\u0131lar. \u0130zcilik<\/p>\n","protected":false},"author":1,"featured_media":383,"comment_status":"open","ping_status":"open","sticky":false,"template":"","format":"standard","meta":{"footnotes":""},"categories":[7],"tags":[],"_links":{"self":[{"href":"http:\/\/www.ilkcev.org.tr\/index.php?rest_route=\/wp\/v2\/posts\/373"}],"collection":[{"href":"http:\/\/www.ilkcev.org.tr\/index.php?rest_route=\/wp\/v2\/posts"}],"about":[{"href":"http:\/\/www.ilkcev.org.tr\/index.php?rest_route=\/wp\/v2\/types\/post"}],"author":[{"embeddable":true,"href":"http:\/\/www.ilkcev.org.tr\/index.php?rest_route=\/wp\/v2\/users\/1"}],"replies":[{"embeddable":true,"href":"http:\/\/www.ilkcev.org.tr\/index.php?rest_route=%2Fwp%2Fv2%2Fcomments&post=373"}],"version-history":[{"count":1,"href":"http:\/\/www.ilkcev.org.tr\/index.php?rest_route=\/wp\/v2\/posts\/373\/revisions"}],"predecessor-version":[{"id":388,"href":"http:\/\/www.ilkcev.org.tr\/index.php?rest_route=\/wp\/v2\/posts\/373\/revisions\/388"}],"wp:featuredmedia":[{"embeddable":true,"href":"http:\/\/www.ilkcev.org.tr\/index.php?rest_route=\/wp\/v2\/media\/383"}],"wp:attachment":[{"href":"http:\/\/www.ilkcev.org.tr\/index.php?rest_route=%2Fwp%2Fv2%2Fmedia&parent=373"}],"wp:term":[{"taxonomy":"category","embeddable":true,"href":"http:\/\/www.ilkcev.org.tr\/index.php?rest_route=%2Fwp%2Fv2%2Fcategories&post=373"},{"taxonomy":"post_tag","embeddable":true,"href":"http:\/\/www.ilkcev.org.tr\/index.php?rest_route=%2Fwp%2Fv2%2Ftags&post=373"}],"curies":[{"name":"wp","href":"https:\/\/api.w.org\/{rel}","templated":true}]}}