{"id":391,"date":"2025-04-30T13:47:40","date_gmt":"2025-04-30T13:47:40","guid":{"rendered":"http:\/\/www.ilkcev.org.tr\/?p=391"},"modified":"2025-04-30T13:47:40","modified_gmt":"2025-04-30T13:47:40","slug":"ufka-yolculuk-12-gebze-bolgesi-odul-toreni-yapildi","status":"publish","type":"post","link":"http:\/\/www.ilkcev.org.tr\/?p=391","title":{"rendered":"UFKA YOLCULUK 12 GEBZE B\u00d6LGES\u0130 \u00d6D\u00dcL T\u00d6REN\u0130 YAPILDI"},"content":{"rendered":"<p>Gebze \u0130lim K\u00fclt\u00fcr ve \u00c7evre Derne\u011fi (\u0130LK\u00c7EV) taraf\u0131ndan, bu y\u0131l 12.d\u00fczenlenen Ufka Yolculuk Bilgi ve K\u00fclt\u00fcr Yar\u0131\u015fmalar\u0131n\u0131n Gebze B\u00f6lgesi(Gebze-\u00c7ay\u0131rova-Dar\u0131ca ve Dilovas\u0131)\u00f6d\u00fcl t\u00f6reni yo\u011fun bir kat\u0131l\u0131mla dernek binas\u0131nda ger\u00e7ekle\u015fti.<br \/>\nPrograma, Gebze Belediye Ba\u015fkan Yard\u0131mc\u0131s\u0131 M\u00fccahit Birben,Gebze \u0130l\u00e7e Milli E\u011fitim M\u00fcd\u00fcr\u00fc \u015eenol Pekg\u00f6z,\u00c7ay\u0131rova \u0130l\u00e7e Milli E\u011fitim M\u00fcd\u00fcr\u00fc Recep Demir,\u0130SU Tefti\u015f Kurulu Ba\u015fkan\u0131 Ya\u015far \u00c7akmak,Gebze K\u0131z\u0131lay \u015eube Ba\u015fkan\u0131 Celalettin Kurt,Gebze E\u011fitim Bir-Sen Sendikas\u0131 Ba\u015fkan\u0131 Fazl\u0131 Ya\u011fmur,STK temsilcileri, Daire ve Okul M\u00fcd\u00fcrleri ile \u00e7ok say\u0131da izleyici kat\u0131ld\u0131.<br \/>\nProgram,Kur&#8217;an-\u0131 Kerim okumas\u0131yla ba\u015flad\u0131. Daha sonra \u0130LK\u00c7EV Ba\u015fkan\u0131 Dr. \u0130lhan Kad\u0131o\u011flu k\u00fcrs\u00fcye geldi, Dernek faaliyetleri hakk\u0131nda bilgi veren Kad\u0131o\u011flu, \u00c7ocuklar ve Gen\u00e7ler \u00fczerinde \u00e7ok durduklar\u0131n\u0131, gen\u00e7lerimizi k\u00f6t\u00fc al\u0131\u015fkanl\u0131klar ve teknoloji ba\u011f\u0131ml\u0131l\u0131\u011f\u0131ndan kurtarmak i\u00e7in \u00e7al\u0131\u015fmalar yapt\u0131klar\u0131n\u0131, kitap okuma al\u0131\u015fkanl\u0131\u011f\u0131 ve Dini-Ahlaki de\u011ferlerimizi peki\u015ftirmek i\u00e7in Ufka Yolculuk Bilgi ve K\u00fclt\u00fcr Yar\u0131\u015fmalar\u0131n\u0131 12 y\u0131ld\u0131r Gebze B\u00f6lgesinde yapt\u0131klar\u0131n\u0131 anlatt\u0131. Yar\u0131\u015fmaya kat\u0131lan \u00f6\u011frencilere, velilerine ve \u00f6\u011fretmenlerine te\u015fekk\u00fcr ederek s\u00f6zlerini tamamlad\u0131.<br \/>\nUfka Yolculuk yar\u0131\u015fmalar\u0131n\u0131n k\u0131sa bir tan\u0131t\u0131m\u0131ndan sonra, kendi kategorilerinde dereceye giren, yar\u0131\u015fmac\u0131lara hediyeleri verildi, T\u00f6ren sonunda \u00e7ekilen foto\u011fraflar ile program sona erdi.<\/p>\n<div id='gallery-1' class='gallery galleryid-391 gallery-columns-2 gallery-size-large'><figure class='gallery-item'>\n\t\t\t<div class='gallery-icon landscape'>\n\t\t\t\t<a href='http:\/\/www.ilkcev.org.tr\/?attachment_id=394'><img loading=\"lazy\" decoding=\"async\" width=\"1024\" height=\"768\" src=\"http:\/\/www.ilkcev.org.tr\/wp-content\/uploads\/2025\/04\/WhatsApp-Image-2025-04-27-at-22.01.44-1-1024x768.jpeg\" class=\"attachment-large size-large\" alt=\"\" srcset=\"http:\/\/www.ilkcev.org.tr\/wp-content\/uploads\/2025\/04\/WhatsApp-Image-2025-04-27-at-22.01.44-1-1024x768.jpeg 1024w, http:\/\/www.ilkcev.org.tr\/wp-content\/uploads\/2025\/04\/WhatsApp-Image-2025-04-27-at-22.01.44-1-300x225.jpeg 300w, http:\/\/www.ilkcev.org.tr\/wp-content\/uploads\/2025\/04\/WhatsApp-Image-2025-04-27-at-22.01.44-1-768x576.jpeg 768w, http:\/\/www.ilkcev.org.tr\/wp-content\/uploads\/2025\/04\/WhatsApp-Image-2025-04-27-at-22.01.44-1-1536x1152.jpeg 1536w, http:\/\/www.ilkcev.org.tr\/wp-content\/uploads\/2025\/04\/WhatsApp-Image-2025-04-27-at-22.01.44-1.jpeg 1600w\" sizes=\"(max-width: 1024px) 100vw, 1024px\" \/><\/a>\n\t\t\t<\/div><\/figure><figure class='gallery-item'>\n\t\t\t<div class='gallery-icon landscape'>\n\t\t\t\t<a href='http:\/\/www.ilkcev.org.tr\/?attachment_id=392'><img loading=\"lazy\" decoding=\"async\" width=\"1024\" height=\"768\" src=\"http:\/\/www.ilkcev.org.tr\/wp-content\/uploads\/2025\/04\/WhatsApp-Image-2025-04-27-at-22.01.44-1024x768.jpeg\" class=\"attachment-large size-large\" alt=\"\" srcset=\"http:\/\/www.ilkcev.org.tr\/wp-content\/uploads\/2025\/04\/WhatsApp-Image-2025-04-27-at-22.01.44-1024x768.jpeg 1024w, http:\/\/www.ilkcev.org.tr\/wp-content\/uploads\/2025\/04\/WhatsApp-Image-2025-04-27-at-22.01.44-300x225.jpeg 300w, http:\/\/www.ilkcev.org.tr\/wp-content\/uploads\/2025\/04\/WhatsApp-Image-2025-04-27-at-22.01.44-768x576.jpeg 768w, http:\/\/www.ilkcev.org.tr\/wp-content\/uploads\/2025\/04\/WhatsApp-Image-2025-04-27-at-22.01.44-1536x1152.jpeg 1536w, http:\/\/www.ilkcev.org.tr\/wp-content\/uploads\/2025\/04\/WhatsApp-Image-2025-04-27-at-22.01.44.jpeg 1600w\" sizes=\"(max-width: 1024px) 100vw, 1024px\" \/><\/a>\n\t\t\t<\/div><\/figure>\n\t\t<\/div>\n\n","protected":false},"excerpt":{"rendered":"<p>Gebze \u0130lim K\u00fclt\u00fcr ve \u00c7evre Derne\u011fi (\u0130LK\u00c7EV) taraf\u0131ndan, bu y\u0131l 12.d\u00fczenlenen Ufka Yolculuk Bilgi ve K\u00fclt\u00fcr Yar\u0131\u015fmalar\u0131n\u0131n Gebze B\u00f6lgesi(Gebze-\u00c7ay\u0131rova-Dar\u0131ca ve Dilovas\u0131)\u00f6d\u00fcl t\u00f6reni yo\u011fun bir kat\u0131l\u0131mla dernek binas\u0131nda ger\u00e7ekle\u015fti.<\/p>\n","protected":false},"author":1,"featured_media":392,"comment_status":"open","ping_status":"open","sticky":false,"template":"","format":"standard","meta":{"footnotes":""},"categories":[7],"tags":[],"_links":{"self":[{"href":"http:\/\/www.ilkcev.org.tr\/index.php?rest_route=\/wp\/v2\/posts\/391"}],"collection":[{"href":"http:\/\/www.ilkcev.org.tr\/index.php?rest_route=\/wp\/v2\/posts"}],"about":[{"href":"http:\/\/www.ilkcev.org.tr\/index.php?rest_route=\/wp\/v2\/types\/post"}],"author":[{"embeddable":true,"href":"http:\/\/www.ilkcev.org.tr\/index.php?rest_route=\/wp\/v2\/users\/1"}],"replies":[{"embeddable":true,"href":"http:\/\/www.ilkcev.org.tr\/index.php?rest_route=%2Fwp%2Fv2%2Fcomments&post=391"}],"version-history":[{"count":1,"href":"http:\/\/www.ilkcev.org.tr\/index.php?rest_route=\/wp\/v2\/posts\/391\/revisions"}],"predecessor-version":[{"id":396,"href":"http:\/\/www.ilkcev.org.tr\/index.php?rest_route=\/wp\/v2\/posts\/391\/revisions\/396"}],"wp:featuredmedia":[{"embeddable":true,"href":"http:\/\/www.ilkcev.org.tr\/index.php?rest_route=\/wp\/v2\/media\/392"}],"wp:attachment":[{"href":"http:\/\/www.ilkcev.org.tr\/index.php?rest_route=%2Fwp%2Fv2%2Fmedia&parent=391"}],"wp:term":[{"taxonomy":"category","embeddable":true,"href":"http:\/\/www.ilkcev.org.tr\/index.php?rest_route=%2Fwp%2Fv2%2Fcategories&post=391"},{"taxonomy":"post_tag","embeddable":true,"href":"http:\/\/www.ilkcev.org.tr\/index.php?rest_route=%2Fwp%2Fv2%2Ftags&post=391"}],"curies":[{"name":"wp","href":"https:\/\/api.w.org\/{rel}","templated":true}]}}