{"id":397,"date":"2025-04-30T13:49:51","date_gmt":"2025-04-30T13:49:51","guid":{"rendered":"http:\/\/www.ilkcev.org.tr\/?p=397"},"modified":"2025-04-30T13:51:18","modified_gmt":"2025-04-30T13:51:18","slug":"gebze-ilkcev-spor-kulubu-izcileri-canakkale-milli-bilinc-kampinda-dedelerinin-izinde-yurudu","status":"publish","type":"post","link":"http:\/\/www.ilkcev.org.tr\/?p=397","title":{"rendered":"Gebze \u0130LK\u00c7EV Spor Kul\u00fcb\u00fc \u0130zcileri, \u00c7anakkale Milli Bilin\u00e7 Kamp\u0131nda dedelerinin izinde y\u00fcr\u00fcd\u00fc"},"content":{"rendered":"<p>Gebze \u0130LK\u00c7EV Spor Kul\u00fcb\u00fc \u0130zcileri,Gebze Dumlup\u0131nar \u0130HO \u0130zcilik \u00dcnitemiz ve Gebze K\u0131z A\u0130HL \u0130zcilik \u00dcnitemiz, \u00c7anakkale sava\u015flar\u0131nda 57. Piyade Alay\u0131n\u0131n 110 y\u0131l \u00f6nce kulland\u0131\u011f\u0131 yoldan \u201cdedeci\u011fim ben geldim\u201d slogan\u0131yla giderek ecdad\u0131n\u0131 yad etti.T\u00fcrkiye \u0130zcilik Federasyonu (T\u0130F) taraf\u0131ndan, 57. Alay\u0131n taarruz \u00f6ncesinde karargah olarak kulland\u0131\u011f\u0131 Kocadere k\u00f6y\u00fc yak\u0131nlar\u0131ndaki yerde 22-26 Nisan 2025 tarihinde d\u00fczenlenen uluslararas\u0131 \u201c\u00c7anakkale Milli Bilin\u00e7 Kamp\u0131\u2019nda\u201d bulunan Gebze \u0130LK\u00c7EV Spor Kul\u00fcb\u00fc \u0130zcileri, 25 Nisan sabah ezan\u0131yla birlikte kalkarak y\u00fcr\u00fcy\u00fc\u015f haz\u0131rl\u0131klar\u0131n\u0131 tamamlad\u0131.<\/p>\n<p>K\u0131nalar Yak\u0131larak Mehter Mar\u015f\u0131yla U\u011furland\u0131.<\/p>\n<p>\u0130zciler, kamp alan\u0131ndan o zamanki askerler gibi \u201chamur k\u0131zartmas\u0131 ile k\u0131r\u0131k bu\u011fday \u00e7orbas\u0131\u201d i\u00e7erek ba\u015flar\u0131nda \u201cenveriye kabala\u011f\u0131\u201d, s\u0131rtlar\u0131nda \u201cdedeci\u011fim ben geldim\u201d yazan cepkenleriyle y\u00fcr\u00fcy\u00fc\u015fe ba\u015flad\u0131.Kamp alan\u0131ndan u\u011furlama t\u00f6reninde izcilere, mehter mar\u015f\u0131 e\u015fli\u011finde \u201ck\u0131nal\u0131 Hasan\u201d gibi sa\u00e7lar\u0131na k\u0131nalar yak\u0131larak u\u011furland\u0131. 3 bin izci, dedelerinin izinde 57\u2019nci Alay askerlerinin 110 y\u0131l \u00f6nce yapt\u0131\u011f\u0131 gibi \u015fafakla birlikte y\u00fcr\u00fcy\u00fc\u015fe ba\u015flad\u0131.<br \/>\n57. Alay yolu boyunca \u00c7anakkale Sava\u015f\u0131\u2019na kat\u0131lanlar\u0131n k\u0131yafetlerini giymi\u015f askerlerin mizansenleri canland\u0131r\u0131ld\u0131.17 kilometrelik patika, da\u011f, dere ve ge\u00e7itlerden olu\u015fan y\u00fcr\u00fcy\u00fc\u015f yolunu yakla\u015f\u0131k 8 saatte ba\u015far\u0131yla tamamlayan Gebze \u0130LK\u00c7EV Spor Kul\u00fcb\u00fc izcileri tekrar kamp alan\u0131na d\u00f6nd\u00fc.Gebze \u0130LK\u00c7EV Spor Kul\u00fcb\u00fc Ba\u015fkan Yard\u0131mc\u0131s\u0131 ve \u0130zci Lideri Tuncay Ba\u015foglu yapt\u0131\u011f\u0131 a\u00e7\u0131klamada; \u201c \u00c7anakkale Milli Bilin\u00e7 Kamp\u0131nda izcilerimiz atalar\u0131m\u0131z\u0131n vatan, millet ve maneviyat u\u011fruna verdi\u011fi destans\u0131 m\u00fccadeleyi yerinde ya\u015fad\u0131lar. Milli manevi duygularla donanarak evlerine geri d\u00f6nen izci ve liderlerimizi g\u00f6n\u00fclden tebrik ediyorum\u201d dedi.<\/p>\n<div id='gallery-1' class='gallery galleryid-397 gallery-columns-3 gallery-size-large'><figure class='gallery-item'>\n\t\t\t<div class='gallery-icon landscape'>\n\t\t\t\t<a href='http:\/\/www.ilkcev.org.tr\/?attachment_id=399'><img loading=\"lazy\" decoding=\"async\" width=\"1024\" height=\"769\" src=\"http:\/\/www.ilkcev.org.tr\/wp-content\/uploads\/2025\/04\/WhatsApp-Image-2025-04-27-at-22.03.43-1024x769.jpeg\" class=\"attachment-large size-large\" alt=\"\" srcset=\"http:\/\/www.ilkcev.org.tr\/wp-content\/uploads\/2025\/04\/WhatsApp-Image-2025-04-27-at-22.03.43-1024x769.jpeg 1024w, http:\/\/www.ilkcev.org.tr\/wp-content\/uploads\/2025\/04\/WhatsApp-Image-2025-04-27-at-22.03.43-300x225.jpeg 300w, http:\/\/www.ilkcev.org.tr\/wp-content\/uploads\/2025\/04\/WhatsApp-Image-2025-04-27-at-22.03.43-768x576.jpeg 768w, http:\/\/www.ilkcev.org.tr\/wp-content\/uploads\/2025\/04\/WhatsApp-Image-2025-04-27-at-22.03.43-1536x1153.jpeg 1536w, http:\/\/www.ilkcev.org.tr\/wp-content\/uploads\/2025\/04\/WhatsApp-Image-2025-04-27-at-22.03.43.jpeg 1600w\" sizes=\"(max-width: 1024px) 100vw, 1024px\" \/><\/a>\n\t\t\t<\/div><\/figure><figure class='gallery-item'>\n\t\t\t<div class='gallery-icon landscape'>\n\t\t\t\t<a href='http:\/\/www.ilkcev.org.tr\/?attachment_id=400'><img loading=\"lazy\" decoding=\"async\" width=\"1024\" height=\"768\" src=\"http:\/\/www.ilkcev.org.tr\/wp-content\/uploads\/2025\/04\/WhatsApp-Image-2025-04-27-at-22.03.43-3-1024x768.jpeg\" class=\"attachment-large size-large\" alt=\"\" srcset=\"http:\/\/www.ilkcev.org.tr\/wp-content\/uploads\/2025\/04\/WhatsApp-Image-2025-04-27-at-22.03.43-3-1024x768.jpeg 1024w, http:\/\/www.ilkcev.org.tr\/wp-content\/uploads\/2025\/04\/WhatsApp-Image-2025-04-27-at-22.03.43-3-300x225.jpeg 300w, http:\/\/www.ilkcev.org.tr\/wp-content\/uploads\/2025\/04\/WhatsApp-Image-2025-04-27-at-22.03.43-3-768x576.jpeg 768w, http:\/\/www.ilkcev.org.tr\/wp-content\/uploads\/2025\/04\/WhatsApp-Image-2025-04-27-at-22.03.43-3-1536x1152.jpeg 1536w, http:\/\/www.ilkcev.org.tr\/wp-content\/uploads\/2025\/04\/WhatsApp-Image-2025-04-27-at-22.03.43-3.jpeg 1600w\" sizes=\"(max-width: 1024px) 100vw, 1024px\" \/><\/a>\n\t\t\t<\/div><\/figure><figure class='gallery-item'>\n\t\t\t<div class='gallery-icon landscape'>\n\t\t\t\t<a href='http:\/\/www.ilkcev.org.tr\/?attachment_id=401'><img loading=\"lazy\" decoding=\"async\" width=\"1024\" height=\"769\" src=\"http:\/\/www.ilkcev.org.tr\/wp-content\/uploads\/2025\/04\/WhatsApp-Image-2025-04-27-at-22.03.43-2-1024x769.jpeg\" class=\"attachment-large size-large\" alt=\"\" srcset=\"http:\/\/www.ilkcev.org.tr\/wp-content\/uploads\/2025\/04\/WhatsApp-Image-2025-04-27-at-22.03.43-2-1024x769.jpeg 1024w, http:\/\/www.ilkcev.org.tr\/wp-content\/uploads\/2025\/04\/WhatsApp-Image-2025-04-27-at-22.03.43-2-300x225.jpeg 300w, http:\/\/www.ilkcev.org.tr\/wp-content\/uploads\/2025\/04\/WhatsApp-Image-2025-04-27-at-22.03.43-2-768x576.jpeg 768w, http:\/\/www.ilkcev.org.tr\/wp-content\/uploads\/2025\/04\/WhatsApp-Image-2025-04-27-at-22.03.43-2-1536x1153.jpeg 1536w, http:\/\/www.ilkcev.org.tr\/wp-content\/uploads\/2025\/04\/WhatsApp-Image-2025-04-27-at-22.03.43-2.jpeg 1600w\" sizes=\"(max-width: 1024px) 100vw, 1024px\" \/><\/a>\n\t\t\t<\/div><\/figure><figure class='gallery-item'>\n\t\t\t<div class='gallery-icon landscape'>\n\t\t\t\t<a href='http:\/\/www.ilkcev.org.tr\/?attachment_id=402'><img loading=\"lazy\" decoding=\"async\" width=\"1024\" height=\"768\" src=\"http:\/\/www.ilkcev.org.tr\/wp-content\/uploads\/2025\/04\/WhatsApp-Image-2025-04-27-at-22.03.43-1-1024x768.jpeg\" class=\"attachment-large size-large\" alt=\"\" srcset=\"http:\/\/www.ilkcev.org.tr\/wp-content\/uploads\/2025\/04\/WhatsApp-Image-2025-04-27-at-22.03.43-1-1024x768.jpeg 1024w, http:\/\/www.ilkcev.org.tr\/wp-content\/uploads\/2025\/04\/WhatsApp-Image-2025-04-27-at-22.03.43-1-300x225.jpeg 300w, http:\/\/www.ilkcev.org.tr\/wp-content\/uploads\/2025\/04\/WhatsApp-Image-2025-04-27-at-22.03.43-1-768x576.jpeg 768w, http:\/\/www.ilkcev.org.tr\/wp-content\/uploads\/2025\/04\/WhatsApp-Image-2025-04-27-at-22.03.43-1-1536x1152.jpeg 1536w, http:\/\/www.ilkcev.org.tr\/wp-content\/uploads\/2025\/04\/WhatsApp-Image-2025-04-27-at-22.03.43-1.jpeg 1600w\" sizes=\"(max-width: 1024px) 100vw, 1024px\" \/><\/a>\n\t\t\t<\/div><\/figure><figure class='gallery-item'>\n\t\t\t<div class='gallery-icon landscape'>\n\t\t\t\t<a href='http:\/\/www.ilkcev.org.tr\/?attachment_id=398'><img loading=\"lazy\" decoding=\"async\" width=\"1024\" height=\"768\" src=\"http:\/\/www.ilkcev.org.tr\/wp-content\/uploads\/2025\/04\/WhatsApp-Image-2025-04-27-at-22.03.44-1024x768.jpeg\" class=\"attachment-large size-large\" alt=\"\" srcset=\"http:\/\/www.ilkcev.org.tr\/wp-content\/uploads\/2025\/04\/WhatsApp-Image-2025-04-27-at-22.03.44-1024x768.jpeg 1024w, http:\/\/www.ilkcev.org.tr\/wp-content\/uploads\/2025\/04\/WhatsApp-Image-2025-04-27-at-22.03.44-300x225.jpeg 300w, http:\/\/www.ilkcev.org.tr\/wp-content\/uploads\/2025\/04\/WhatsApp-Image-2025-04-27-at-22.03.44-768x576.jpeg 768w, http:\/\/www.ilkcev.org.tr\/wp-content\/uploads\/2025\/04\/WhatsApp-Image-2025-04-27-at-22.03.44-1536x1152.jpeg 1536w, http:\/\/www.ilkcev.org.tr\/wp-content\/uploads\/2025\/04\/WhatsApp-Image-2025-04-27-at-22.03.44.jpeg 1600w\" sizes=\"(max-width: 1024px) 100vw, 1024px\" \/><\/a>\n\t\t\t<\/div><\/figure>\n\t\t<\/div>\n\n","protected":false},"excerpt":{"rendered":"<p>Gebze \u0130LK\u00c7EV Spor Kul\u00fcb\u00fc \u0130zcileri,Gebze Dumlup\u0131nar \u0130HO \u0130zcilik \u00dcnitemiz ve Gebze K\u0131z A\u0130HL \u0130zcilik \u00dcnitemiz, \u00c7anakkale sava\u015flar\u0131nda 57. Piyade Alay\u0131n\u0131n 110 y\u0131l \u00f6nce kulland\u0131\u011f\u0131 yoldan \u201cdedeci\u011fim ben geldim\u201d<\/p>\n","protected":false},"author":1,"featured_media":400,"comment_status":"open","ping_status":"open","sticky":false,"template":"","format":"standard","meta":{"footnotes":""},"categories":[7],"tags":[],"_links":{"self":[{"href":"http:\/\/www.ilkcev.org.tr\/index.php?rest_route=\/wp\/v2\/posts\/397"}],"collection":[{"href":"http:\/\/www.ilkcev.org.tr\/index.php?rest_route=\/wp\/v2\/posts"}],"about":[{"href":"http:\/\/www.ilkcev.org.tr\/index.php?rest_route=\/wp\/v2\/types\/post"}],"author":[{"embeddable":true,"href":"http:\/\/www.ilkcev.org.tr\/index.php?rest_route=\/wp\/v2\/users\/1"}],"replies":[{"embeddable":true,"href":"http:\/\/www.ilkcev.org.tr\/index.php?rest_route=%2Fwp%2Fv2%2Fcomments&post=397"}],"version-history":[{"count":1,"href":"http:\/\/www.ilkcev.org.tr\/index.php?rest_route=\/wp\/v2\/posts\/397\/revisions"}],"predecessor-version":[{"id":403,"href":"http:\/\/www.ilkcev.org.tr\/index.php?rest_route=\/wp\/v2\/posts\/397\/revisions\/403"}],"wp:featuredmedia":[{"embeddable":true,"href":"http:\/\/www.ilkcev.org.tr\/index.php?rest_route=\/wp\/v2\/media\/400"}],"wp:attachment":[{"href":"http:\/\/www.ilkcev.org.tr\/index.php?rest_route=%2Fwp%2Fv2%2Fmedia&parent=397"}],"wp:term":[{"taxonomy":"category","embeddable":true,"href":"http:\/\/www.ilkcev.org.tr\/index.php?rest_route=%2Fwp%2Fv2%2Fcategories&post=397"},{"taxonomy":"post_tag","embeddable":true,"href":"http:\/\/www.ilkcev.org.tr\/index.php?rest_route=%2Fwp%2Fv2%2Ftags&post=397"}],"curies":[{"name":"wp","href":"https:\/\/api.w.org\/{rel}","templated":true}]}}